{"id":8392,"date":"2025-06-21T03:14:15","date_gmt":"2025-06-21T03:14:15","guid":{"rendered":"https:\/\/www.bookazine.com\/que-impacto-terao-os-direitos-aduaneiros-nos-livros-impressos\/"},"modified":"2025-09-23T03:37:23","modified_gmt":"2025-09-23T03:37:23","slug":"que-impacto-terao-os-direitos-aduaneiros-nos-livros-impressos","status":"publish","type":"post","link":"https:\/\/www.bookazine.com\/pt-pt\/que-impacto-terao-os-direitos-aduaneiros-nos-livros-impressos\/","title":{"rendered":"Que impacto ter\u00e3o os direitos aduaneiros nos livros impressos?"},"content":{"rendered":"\t\t<div data-elementor-type=\"wp-post\" data-elementor-id=\"8392\" class=\"elementor elementor-8392 elementor-8183\">\n\t\t\t\t<div class=\"elementor-element elementor-element-7cfde68 e-flex e-con-boxed parallax_section_no qode_elementor_container_no e-con e-parent\" data-id=\"7cfde68\" data-element_type=\"container\" data-e-type=\"container\">\n\t\t\t\t\t<div class=\"e-con-inner\">\n\t\t\t\t<div class=\"elementor-element elementor-element-cbfdf2e elementor-widget elementor-widget-text-editor\" data-id=\"cbfdf2e\" data-element_type=\"widget\" data-e-type=\"widget\" data-widget_type=\"text-editor.default\">\n\t\t\t\t<div class=\"elementor-widget-container\">\n\t\t\t\t\t\t\t\t\t<h4 style=\"font-weight: 400;\"><strong>A linha do tempo das tarifas<\/strong><\/h4><p style=\"font-weight: 400;\">Nos \u00faltimos anos, a discuss\u00e3o sobre tarifas provocou ansiedade em muitos sectores, incluindo o editorial. Com os EUA e a China num impasse comercial cont\u00ednuo, os editores e grossistas de livros t\u00eam acompanhado de perto a possibilidade de aplica\u00e7\u00e3o de tarifas aos livros impressos. <\/p><p style=\"font-weight: 400;\">At\u00e9 \u00e0 data, o mundo editorial tem tido sorte. Os livros impressos t\u00eam sido largamente poupados \u00e0s tarifas, gra\u00e7as, em parte, aos esfor\u00e7os de organiza\u00e7\u00f5es do sector como a Association of American Publishers (AAP) e a American Booksellers Association (ABA), que t\u00eam defendido o valor cultural e educativo dos livros. <\/p><h4 style=\"font-weight: 400;\"><strong> <\/strong><\/h4><h4 style=\"font-weight: 400;\"><strong>Porque \u00e9 que os direitos aduaneiros sobre os livros s\u00e3o importantes<\/strong><\/h4><p style=\"font-weight: 400;\">Os livros podem n\u00e3o ter tanta carga pol\u00edtica como a tecnologia ou o a\u00e7o, mas representam uma enorme ind\u00fastria global. Uma parte significativa dos livros impressos &#8211; especialmente os t\u00edtulos ilustrados, os livros para crian\u00e7as, os livros de arte e as edi\u00e7\u00f5es especiais &#8211; \u00e9 fabricada na China devido \u00e0 efici\u00eancia dos custos e aos conhecimentos t\u00e9cnicos. <\/p><p style=\"font-weight: 400;\">Se os livros fossem sujeitos a uma tarifa (digamos, 10% a 25%), o impacto poderia incluir:<\/p><ul><li><p><em><strong>Aumento dos custos de produ\u00e7\u00e3o<\/strong><\/em><\/p><\/li><li><p><em><strong>Pre\u00e7os de retalho mais elevados para os consumidores<\/strong><\/em><\/p><\/li><li><p><em><strong>Atrasos no lan\u00e7amento de novos t\u00edtulos<\/strong><\/em><\/p><\/li><li><p><em><strong>Redu\u00e7\u00e3o das margens para editores, retalhistas e grossistas<\/strong><\/em><\/p><\/li><li><p><em><strong>Press\u00e3o financeira sobre os pequenos editores e livreiros independentes<\/strong><\/em><\/p><\/li><\/ul><p style=\"font-weight: 400;\">Por outras palavras, uma tarifa sobre os livros seria um imposto sobre o conhecimento, a cultura e a literacia.<\/p><h4 style=\"font-weight: 400;\"><strong> <\/strong><\/h4><h4 style=\"font-weight: 400;\"><strong>Perspectivas actuais<\/strong><\/h4><p style=\"font-weight: 400;\">Atualmente, os livros impressos continuam isentos. No entanto, a situa\u00e7\u00e3o permanece fluida, especialmente porque as pol\u00edticas comerciais evoluem com cada administra\u00e7\u00e3o. Embora a ind\u00fastria editorial tenha evitado at\u00e9 agora as tarifas diretas, a press\u00e3o para dissociar as cadeias de abastecimento ou diversificar as fontes de abastecimento continua a ser forte.  <\/p><p style=\"font-weight: 400;\">Os editores e grossistas est\u00e3o agora a reavaliar as estrat\u00e9gias de impress\u00e3o e as rela\u00e7\u00f5es com os fornecedores para se protegerem da incerteza futura.<\/p><h4 style=\"font-weight: 400;\"><strong> <\/strong><\/h4><h4 style=\"font-weight: 400;\"><strong>Perspetiva da Bookazine<\/strong><\/h4><p style=\"font-weight: 400;\">Na Bookazine, estamos empenhados em apoiar o acesso a livros acess\u00edveis e de alta qualidade. Aplaudimos a atual decis\u00e3o de manter os livros livres de tarifas e continuaremos a defender pol\u00edticas de com\u00e9rcio justo que d\u00eaem prioridade \u00e0 educa\u00e7\u00e3o, \u00e0 cultura e ao acesso dos leitores. <\/p>\t\t\t\t\t\t\t\t<\/div>\n\t\t\t\t<\/div>\n\t\t\t\t\t<\/div>\n\t\t\t\t<\/div>\n\t\t<div class=\"elementor-element elementor-element-68c4537 e-flex e-con-boxed parallax_section_no qode_elementor_container_no e-con e-parent\" data-id=\"68c4537\" data-element_type=\"container\" data-e-type=\"container\">\n\t\t\t\t\t<div class=\"e-con-inner\">\n\t\t\t\t<div class=\"elementor-element elementor-element-49e4bdf elementor-widget elementor-widget-spacer\" data-id=\"49e4bdf\" data-element_type=\"widget\" data-e-type=\"widget\" data-widget_type=\"spacer.default\">\n\t\t\t\t<div class=\"elementor-widget-container\">\n\t\t\t\t\t\t\t<div class=\"elementor-spacer\">\n\t\t\t<div class=\"elementor-spacer-inner\"><\/div>\n\t\t<\/div>\n\t\t\t\t\t\t<\/div>\n\t\t\t\t<\/div>\n\t\t\t\t\t<\/div>\n\t\t\t\t<\/div>\n\t\t<div class=\"elementor-element elementor-element-4e5517c e-flex e-con-boxed parallax_section_no qode_elementor_container_no e-con e-parent\" data-id=\"4e5517c\" data-element_type=\"container\" data-e-type=\"container\">\n\t\t\t\t\t<div class=\"e-con-inner\">\n\t\t\t\t<div class=\"elementor-element elementor-element-458b020 elementor-widget elementor-widget-bridge_blog_slider\" data-id=\"458b020\" data-element_type=\"widget\" data-e-type=\"widget\" data-widget_type=\"bridge_blog_slider.default\">\n\t\t\t\t<div class=\"elementor-widget-container\">\n\t\t\t\t\t<div class='blog_slider_holder clearfix '><div class='blog_slider blog_slider_carousel' data-auto_start=\"true\"><ul class='blog_slides'>Sorry, no posts matched your criteria.<\/ul><\/div><\/div>\t\t\t\t<\/div>\n\t\t\t\t<\/div>\n\t\t\t\t\t<\/div>\n\t\t\t\t<\/div>\n\t\t\t\t<\/div>\n\t\t","protected":false},"excerpt":{"rendered":"<p>A linha do tempo das tarifas Nos \u00faltimos anos, a discuss\u00e3o sobre tarifas provocou ansiedade em muitos sectores, incluindo o editorial. Com os EUA e a China num impasse comercial cont\u00ednuo, os editores e grossistas de livros t\u00eam acompanhado de perto a possibilidade de aplica\u00e7\u00e3o&#8230;<\/p>\n","protected":false},"author":1,"featured_media":0,"comment_status":"closed","ping_status":"closed","sticky":false,"template":"","format":"standard","meta":{"footnotes":""},"categories":[69],"tags":[],"class_list":["post-8392","post","type-post","status-publish","format-standard","hentry","category-conhecimentos"],"yoast_head":"<!-- This site is optimized with the Yoast SEO plugin v27.3 - https:\/\/yoast.com\/product\/yoast-seo-wordpress\/ -->\n<title>Que impacto ter\u00e3o os direitos aduaneiros nos livros impressos? - Revista<\/title>\n<meta name=\"robots\" content=\"index, follow, max-snippet:-1, max-image-preview:large, max-video-preview:-1\" \/>\n<link rel=\"canonical\" href=\"https:\/\/www.bookazine.com\/pt-pt\/que-impacto-terao-os-direitos-aduaneiros-nos-livros-impressos\/\" \/>\n<meta property=\"og:locale\" content=\"pt_PT\" \/>\n<meta property=\"og:type\" content=\"article\" \/>\n<meta property=\"og:title\" content=\"Que impacto ter\u00e3o os direitos aduaneiros nos livros impressos? - Revista\" \/>\n<meta property=\"og:description\" content=\"A linha do tempo das tarifas Nos \u00faltimos anos, a discuss\u00e3o sobre tarifas provocou ansiedade em muitos sectores, incluindo o editorial. Com os EUA e a China num impasse comercial cont\u00ednuo, os editores e grossistas de livros t\u00eam acompanhado de perto a possibilidade de aplica\u00e7\u00e3o...\" \/>\n<meta property=\"og:url\" content=\"https:\/\/www.bookazine.com\/pt-pt\/que-impacto-terao-os-direitos-aduaneiros-nos-livros-impressos\/\" \/>\n<meta property=\"og:site_name\" content=\"Revista\" \/>\n<meta property=\"article:published_time\" content=\"2025-06-21T03:14:15+00:00\" \/>\n<meta property=\"article:modified_time\" content=\"2025-09-23T03:37:23+00:00\" \/>\n<meta name=\"author\" content=\"admin\" \/>\n<meta name=\"twitter:card\" content=\"summary_large_image\" \/>\n<meta name=\"twitter:label1\" content=\"Escrito por\" \/>\n\t<meta name=\"twitter:data1\" content=\"admin\" \/>\n\t<meta name=\"twitter:label2\" content=\"Tempo estimado de leitura \" \/>\n\t<meta name=\"twitter:data2\" content=\"2 minutos\" \/>\n<script type=\"application\/ld+json\" class=\"yoast-schema-graph\">{\"@context\":\"https:\\\/\\\/schema.org\",\"@graph\":[{\"@type\":\"Article\",\"@id\":\"https:\\\/\\\/www.bookazine.com\\\/pt-pt\\\/que-impacto-terao-os-direitos-aduaneiros-nos-livros-impressos\\\/#article\",\"isPartOf\":{\"@id\":\"https:\\\/\\\/www.bookazine.com\\\/pt-pt\\\/que-impacto-terao-os-direitos-aduaneiros-nos-livros-impressos\\\/\"},\"author\":{\"name\":\"admin\",\"@id\":\"https:\\\/\\\/www.bookazine.com\\\/pt-pt\\\/#\\\/schema\\\/person\\\/1961fe0f4a2478833e974cf616b09584\"},\"headline\":\"Que impacto ter\u00e3o os direitos aduaneiros nos livros impressos?\",\"datePublished\":\"2025-06-21T03:14:15+00:00\",\"dateModified\":\"2025-09-23T03:37:23+00:00\",\"mainEntityOfPage\":{\"@id\":\"https:\\\/\\\/www.bookazine.com\\\/pt-pt\\\/que-impacto-terao-os-direitos-aduaneiros-nos-livros-impressos\\\/\"},\"wordCount\":412,\"articleSection\":[\"Conhecimentos\"],\"inLanguage\":\"pt-PT\"},{\"@type\":\"WebPage\",\"@id\":\"https:\\\/\\\/www.bookazine.com\\\/pt-pt\\\/que-impacto-terao-os-direitos-aduaneiros-nos-livros-impressos\\\/\",\"url\":\"https:\\\/\\\/www.bookazine.com\\\/pt-pt\\\/que-impacto-terao-os-direitos-aduaneiros-nos-livros-impressos\\\/\",\"name\":\"Que impacto ter\u00e3o os direitos aduaneiros nos livros impressos? - Revista\",\"isPartOf\":{\"@id\":\"https:\\\/\\\/www.bookazine.com\\\/pt-pt\\\/#website\"},\"datePublished\":\"2025-06-21T03:14:15+00:00\",\"dateModified\":\"2025-09-23T03:37:23+00:00\",\"author\":{\"@id\":\"https:\\\/\\\/www.bookazine.com\\\/pt-pt\\\/#\\\/schema\\\/person\\\/1961fe0f4a2478833e974cf616b09584\"},\"breadcrumb\":{\"@id\":\"https:\\\/\\\/www.bookazine.com\\\/pt-pt\\\/que-impacto-terao-os-direitos-aduaneiros-nos-livros-impressos\\\/#breadcrumb\"},\"inLanguage\":\"pt-PT\",\"potentialAction\":[{\"@type\":\"ReadAction\",\"target\":[\"https:\\\/\\\/www.bookazine.com\\\/pt-pt\\\/que-impacto-terao-os-direitos-aduaneiros-nos-livros-impressos\\\/\"]}]},{\"@type\":\"BreadcrumbList\",\"@id\":\"https:\\\/\\\/www.bookazine.com\\\/pt-pt\\\/que-impacto-terao-os-direitos-aduaneiros-nos-livros-impressos\\\/#breadcrumb\",\"itemListElement\":[{\"@type\":\"ListItem\",\"position\":1,\"name\":\"Casa\",\"item\":\"https:\\\/\\\/www.bookazine.com\\\/pt-pt\\\/\"},{\"@type\":\"ListItem\",\"position\":2,\"name\":\"Que impacto ter\u00e3o os direitos aduaneiros nos livros impressos?\"}]},{\"@type\":\"WebSite\",\"@id\":\"https:\\\/\\\/www.bookazine.com\\\/pt-pt\\\/#website\",\"url\":\"https:\\\/\\\/www.bookazine.com\\\/pt-pt\\\/\",\"name\":\"Revista\",\"description\":\"Um dos principais grossistas de livros a n\u00edvel mundial\",\"potentialAction\":[{\"@type\":\"SearchAction\",\"target\":{\"@type\":\"EntryPoint\",\"urlTemplate\":\"https:\\\/\\\/www.bookazine.com\\\/pt-pt\\\/?s={search_term_string}\"},\"query-input\":{\"@type\":\"PropertyValueSpecification\",\"valueRequired\":true,\"valueName\":\"search_term_string\"}}],\"inLanguage\":\"pt-PT\"},{\"@type\":\"Person\",\"@id\":\"https:\\\/\\\/www.bookazine.com\\\/pt-pt\\\/#\\\/schema\\\/person\\\/1961fe0f4a2478833e974cf616b09584\",\"name\":\"admin\",\"image\":{\"@type\":\"ImageObject\",\"inLanguage\":\"pt-PT\",\"@id\":\"https:\\\/\\\/secure.gravatar.com\\\/avatar\\\/921bb906ac040683938b4046fdc7961a5327de2c56989c23e33397185d642122?s=96&d=mm&r=g\",\"url\":\"https:\\\/\\\/secure.gravatar.com\\\/avatar\\\/921bb906ac040683938b4046fdc7961a5327de2c56989c23e33397185d642122?s=96&d=mm&r=g\",\"contentUrl\":\"https:\\\/\\\/secure.gravatar.com\\\/avatar\\\/921bb906ac040683938b4046fdc7961a5327de2c56989c23e33397185d642122?s=96&d=mm&r=g\",\"caption\":\"admin\"},\"sameAs\":[\"https:\\\/\\\/bookazine.com\"],\"url\":\"https:\\\/\\\/www.bookazine.com\\\/pt-pt\\\/author\\\/bookazine\\\/\"}]}<\/script>\n<!-- \/ Yoast SEO plugin. -->","yoast_head_json":{"title":"Que impacto ter\u00e3o os direitos aduaneiros nos livros impressos? - Revista","robots":{"index":"index","follow":"follow","max-snippet":"max-snippet:-1","max-image-preview":"max-image-preview:large","max-video-preview":"max-video-preview:-1"},"canonical":"https:\/\/www.bookazine.com\/pt-pt\/que-impacto-terao-os-direitos-aduaneiros-nos-livros-impressos\/","og_locale":"pt_PT","og_type":"article","og_title":"Que impacto ter\u00e3o os direitos aduaneiros nos livros impressos? - Revista","og_description":"A linha do tempo das tarifas Nos \u00faltimos anos, a discuss\u00e3o sobre tarifas provocou ansiedade em muitos sectores, incluindo o editorial. Com os EUA e a China num impasse comercial cont\u00ednuo, os editores e grossistas de livros t\u00eam acompanhado de perto a possibilidade de aplica\u00e7\u00e3o...","og_url":"https:\/\/www.bookazine.com\/pt-pt\/que-impacto-terao-os-direitos-aduaneiros-nos-livros-impressos\/","og_site_name":"Revista","article_published_time":"2025-06-21T03:14:15+00:00","article_modified_time":"2025-09-23T03:37:23+00:00","author":"admin","twitter_card":"summary_large_image","twitter_misc":{"Escrito por":"admin","Tempo estimado de leitura ":"2 minutos"},"schema":{"@context":"https:\/\/schema.org","@graph":[{"@type":"Article","@id":"https:\/\/www.bookazine.com\/pt-pt\/que-impacto-terao-os-direitos-aduaneiros-nos-livros-impressos\/#article","isPartOf":{"@id":"https:\/\/www.bookazine.com\/pt-pt\/que-impacto-terao-os-direitos-aduaneiros-nos-livros-impressos\/"},"author":{"name":"admin","@id":"https:\/\/www.bookazine.com\/pt-pt\/#\/schema\/person\/1961fe0f4a2478833e974cf616b09584"},"headline":"Que impacto ter\u00e3o os direitos aduaneiros nos livros impressos?","datePublished":"2025-06-21T03:14:15+00:00","dateModified":"2025-09-23T03:37:23+00:00","mainEntityOfPage":{"@id":"https:\/\/www.bookazine.com\/pt-pt\/que-impacto-terao-os-direitos-aduaneiros-nos-livros-impressos\/"},"wordCount":412,"articleSection":["Conhecimentos"],"inLanguage":"pt-PT"},{"@type":"WebPage","@id":"https:\/\/www.bookazine.com\/pt-pt\/que-impacto-terao-os-direitos-aduaneiros-nos-livros-impressos\/","url":"https:\/\/www.bookazine.com\/pt-pt\/que-impacto-terao-os-direitos-aduaneiros-nos-livros-impressos\/","name":"Que impacto ter\u00e3o os direitos aduaneiros nos livros impressos? - Revista","isPartOf":{"@id":"https:\/\/www.bookazine.com\/pt-pt\/#website"},"datePublished":"2025-06-21T03:14:15+00:00","dateModified":"2025-09-23T03:37:23+00:00","author":{"@id":"https:\/\/www.bookazine.com\/pt-pt\/#\/schema\/person\/1961fe0f4a2478833e974cf616b09584"},"breadcrumb":{"@id":"https:\/\/www.bookazine.com\/pt-pt\/que-impacto-terao-os-direitos-aduaneiros-nos-livros-impressos\/#breadcrumb"},"inLanguage":"pt-PT","potentialAction":[{"@type":"ReadAction","target":["https:\/\/www.bookazine.com\/pt-pt\/que-impacto-terao-os-direitos-aduaneiros-nos-livros-impressos\/"]}]},{"@type":"BreadcrumbList","@id":"https:\/\/www.bookazine.com\/pt-pt\/que-impacto-terao-os-direitos-aduaneiros-nos-livros-impressos\/#breadcrumb","itemListElement":[{"@type":"ListItem","position":1,"name":"Casa","item":"https:\/\/www.bookazine.com\/pt-pt\/"},{"@type":"ListItem","position":2,"name":"Que impacto ter\u00e3o os direitos aduaneiros nos livros impressos?"}]},{"@type":"WebSite","@id":"https:\/\/www.bookazine.com\/pt-pt\/#website","url":"https:\/\/www.bookazine.com\/pt-pt\/","name":"Revista","description":"Um dos principais grossistas de livros a n\u00edvel mundial","potentialAction":[{"@type":"SearchAction","target":{"@type":"EntryPoint","urlTemplate":"https:\/\/www.bookazine.com\/pt-pt\/?s={search_term_string}"},"query-input":{"@type":"PropertyValueSpecification","valueRequired":true,"valueName":"search_term_string"}}],"inLanguage":"pt-PT"},{"@type":"Person","@id":"https:\/\/www.bookazine.com\/pt-pt\/#\/schema\/person\/1961fe0f4a2478833e974cf616b09584","name":"admin","image":{"@type":"ImageObject","inLanguage":"pt-PT","@id":"https:\/\/secure.gravatar.com\/avatar\/921bb906ac040683938b4046fdc7961a5327de2c56989c23e33397185d642122?s=96&d=mm&r=g","url":"https:\/\/secure.gravatar.com\/avatar\/921bb906ac040683938b4046fdc7961a5327de2c56989c23e33397185d642122?s=96&d=mm&r=g","contentUrl":"https:\/\/secure.gravatar.com\/avatar\/921bb906ac040683938b4046fdc7961a5327de2c56989c23e33397185d642122?s=96&d=mm&r=g","caption":"admin"},"sameAs":["https:\/\/bookazine.com"],"url":"https:\/\/www.bookazine.com\/pt-pt\/author\/bookazine\/"}]}},"_links":{"self":[{"href":"https:\/\/www.bookazine.com\/pt-pt\/wp-json\/wp\/v2\/posts\/8392","targetHints":{"allow":["GET"]}}],"collection":[{"href":"https:\/\/www.bookazine.com\/pt-pt\/wp-json\/wp\/v2\/posts"}],"about":[{"href":"https:\/\/www.bookazine.com\/pt-pt\/wp-json\/wp\/v2\/types\/post"}],"author":[{"embeddable":true,"href":"https:\/\/www.bookazine.com\/pt-pt\/wp-json\/wp\/v2\/users\/1"}],"replies":[{"embeddable":true,"href":"https:\/\/www.bookazine.com\/pt-pt\/wp-json\/wp\/v2\/comments?post=8392"}],"version-history":[{"count":2,"href":"https:\/\/www.bookazine.com\/pt-pt\/wp-json\/wp\/v2\/posts\/8392\/revisions"}],"predecessor-version":[{"id":8721,"href":"https:\/\/www.bookazine.com\/pt-pt\/wp-json\/wp\/v2\/posts\/8392\/revisions\/8721"}],"wp:attachment":[{"href":"https:\/\/www.bookazine.com\/pt-pt\/wp-json\/wp\/v2\/media?parent=8392"}],"wp:term":[{"taxonomy":"category","embeddable":true,"href":"https:\/\/www.bookazine.com\/pt-pt\/wp-json\/wp\/v2\/categories?post=8392"},{"taxonomy":"post_tag","embeddable":true,"href":"https:\/\/www.bookazine.com\/pt-pt\/wp-json\/wp\/v2\/tags?post=8392"}],"curies":[{"name":"wp","href":"https:\/\/api.w.org\/{rel}","templated":true}]}}